{"id":17506,"date":"2020-03-17T15:53:00","date_gmt":"2020-03-17T15:53:00","guid":{"rendered":"http:\/\/aefrmnemosyne.fr\/?p=17506"},"modified":"2020-12-01T16:11:52","modified_gmt":"2020-12-01T16:11:52","slug":"annulations-covid-19","status":"publish","type":"post","link":"https:\/\/aefrmnemosyne.fr\/index.php\/2020\/03\/17\/annulations-covid-19\/","title":{"rendered":"Annulations covid-19"},"content":{"rendered":"\t\t<div data-elementor-type=\"wp-post\" data-elementor-id=\"17506\" class=\"elementor elementor-17506\">\n\t\t\t\t\t\t<section class=\"elementor-section elementor-top-section elementor-element elementor-element-4577e765 elementor-section-boxed elementor-section-height-default elementor-section-height-default\" data-id=\"4577e765\" data-element_type=\"section\" data-e-type=\"section\">\n\t\t\t\t\t\t<div class=\"elementor-container elementor-column-gap-default\">\n\t\t\t\t\t<div class=\"elementor-column elementor-col-100 elementor-top-column elementor-element elementor-element-43a7c433\" data-id=\"43a7c433\" data-element_type=\"column\" data-e-type=\"column\">\n\t\t\t<div class=\"elementor-widget-wrap elementor-element-populated\">\n\t\t\t\t\t\t<div class=\"elementor-element elementor-element-53bd644b elementor-widget elementor-widget-text-editor\" data-id=\"53bd644b\" data-element_type=\"widget\" data-e-type=\"widget\" data-widget_type=\"text-editor.default\">\n\t\t\t\t<div class=\"elementor-widget-container\">\n\t\t\t\t\t\t\t\t\t<h4><strong>L&rsquo;ensemble de nos conf\u00e9rences est report\u00e9 en raison de la crise sanitaire COVID-19.<\/strong><\/h4><h4>Nous allons faire notre maximum pour reprogrammer les dates annul\u00e9es d\u00e8s que les conditions sanitaires le permettront.<\/h4><p>\u00a0<\/p><h4>Suivez-notre actu et surtout prenez soin de vous !<\/h4><p><!-- \/wp:paragraph --><\/p>\t\t\t\t\t\t\t\t<\/div>\n\t\t\t\t<\/div>\n\t\t\t\t<div class=\"elementor-element elementor-element-2585742 elementor-widget elementor-widget-button\" data-id=\"2585742\" data-element_type=\"widget\" data-e-type=\"widget\" data-widget_type=\"button.default\">\n\t\t\t\t<div class=\"elementor-widget-container\">\n\t\t\t\t\t\t\t\t\t<div class=\"elementor-button-wrapper\">\n\t\t\t\t\t<a class=\"elementor-button elementor-button-link elementor-size-sm elementor-animation-push\" href=\"http:\/\/aefrmnemosyne.fr\/index.php\/conferences\/\">\n\t\t\t\t\t\t<span class=\"elementor-button-content-wrapper\">\n\t\t\t\t\t\t\t\t\t<span class=\"elementor-button-text\">Agenda des conf\u00e9rences<\/span>\n\t\t\t\t\t<\/span>\n\t\t\t\t\t<\/a>\n\t\t\t\t<\/div>\n\t\t\t\t\t\t\t\t<\/div>\n\t\t\t\t<\/div>\n\t\t\t\t<div class=\"elementor-element elementor-element-631d807 elementor-widget elementor-widget-text-editor\" data-id=\"631d807\" data-element_type=\"widget\" data-e-type=\"widget\" data-widget_type=\"text-editor.default\">\n\t\t\t\t<div class=\"elementor-widget-container\">\n\t\t\t\t\t\t\t\t\t<p style=\"text-align: center;\"><span style=\"color: #808080;\"><a style=\"color: #808080;\" href=\"https:\/\/www.freepik.com\/photos\/people\" target=\"_blank\" rel=\"noopener\">Cr\u00e9dit photo : People photo created by mdjaff &#8211; www.freepik.com<\/a><\/span><\/p>\t\t\t\t\t\t\t\t<\/div>\n\t\t\t\t<\/div>\n\t\t\t\t\t<\/div>\n\t\t<\/div>\n\t\t\t\t\t<\/div>\n\t\t<\/section>\n\t\t\t\t<\/div>\n\t\t","protected":false},"excerpt":{"rendered":"<p>L&rsquo;ensemble de nos conf\u00e9rences est report\u00e9 en raison de la crise sanitaire COVID-19. Nous allons faire notre maximum pour reprogrammer les dates annul\u00e9es d\u00e8s que les conditions sanitaires le permettront. \u00a0 Suivez-notre actu et surtout&#8230;<\/p>\n","protected":false},"author":1,"featured_media":17509,"comment_status":"closed","ping_status":"open","sticky":false,"template":"","format":"standard","meta":{"footnotes":""},"categories":[114,111,109,107],"tags":[],"class_list":["post-17506","post","type-post","status-publish","format-standard","has-post-thumbnail","hentry","category-114","category-agenda","category-conference","category-evenement"],"_links":{"self":[{"href":"https:\/\/aefrmnemosyne.fr\/index.php\/wp-json\/wp\/v2\/posts\/17506","targetHints":{"allow":["GET"]}}],"collection":[{"href":"https:\/\/aefrmnemosyne.fr\/index.php\/wp-json\/wp\/v2\/posts"}],"about":[{"href":"https:\/\/aefrmnemosyne.fr\/index.php\/wp-json\/wp\/v2\/types\/post"}],"author":[{"embeddable":true,"href":"https:\/\/aefrmnemosyne.fr\/index.php\/wp-json\/wp\/v2\/users\/1"}],"replies":[{"embeddable":true,"href":"https:\/\/aefrmnemosyne.fr\/index.php\/wp-json\/wp\/v2\/comments?post=17506"}],"version-history":[{"count":6,"href":"https:\/\/aefrmnemosyne.fr\/index.php\/wp-json\/wp\/v2\/posts\/17506\/revisions"}],"predecessor-version":[{"id":17515,"href":"https:\/\/aefrmnemosyne.fr\/index.php\/wp-json\/wp\/v2\/posts\/17506\/revisions\/17515"}],"wp:featuredmedia":[{"embeddable":true,"href":"https:\/\/aefrmnemosyne.fr\/index.php\/wp-json\/wp\/v2\/media\/17509"}],"wp:attachment":[{"href":"https:\/\/aefrmnemosyne.fr\/index.php\/wp-json\/wp\/v2\/media?parent=17506"}],"wp:term":[{"taxonomy":"category","embeddable":true,"href":"https:\/\/aefrmnemosyne.fr\/index.php\/wp-json\/wp\/v2\/categories?post=17506"},{"taxonomy":"post_tag","embeddable":true,"href":"https:\/\/aefrmnemosyne.fr\/index.php\/wp-json\/wp\/v2\/tags?post=17506"}],"curies":[{"name":"wp","href":"https:\/\/api.w.org\/{rel}","templated":true}]}}